{"id":889,"date":"2022-04-03T23:05:15","date_gmt":"2022-04-03T21:05:15","guid":{"rendered":"https:\/\/hasserisstuerne.dk\/?p=889"},"modified":"2022-04-03T23:05:15","modified_gmt":"2022-04-03T21:05:15","slug":"generalforsamling-2022","status":"publish","type":"post","link":"https:\/\/hasserisstuerne.dk\/?p=889","title":{"rendered":"Generalforsamling 2022"},"content":{"rendered":"\n<p><strong>HASSERISSTUERNE<\/strong><\/p>\n\n\n\n<p><strong>REFERAT<\/strong>&nbsp;&nbsp;&nbsp;&nbsp;&nbsp;&nbsp;&nbsp;&nbsp;&nbsp;&nbsp;&nbsp;&nbsp;&nbsp;&nbsp;&nbsp;&nbsp;&nbsp;&nbsp;&nbsp; af 24. ordin\u00e6re generalforsamling hos Birgitte Pilgaard og Curt Sloth&nbsp;<\/p>\n\n\n\n<p><strong>&nbsp;&nbsp;&nbsp;&nbsp;&nbsp;&nbsp;&nbsp;&nbsp;&nbsp;&nbsp;&nbsp;&nbsp;&nbsp;&nbsp;&nbsp;&nbsp;&nbsp;&nbsp;&nbsp;&nbsp;&nbsp;&nbsp;&nbsp;&nbsp;&nbsp;&nbsp;&nbsp;&nbsp;&nbsp;&nbsp;&nbsp;&nbsp;&nbsp;&nbsp;&nbsp;&nbsp; <\/strong>kl.19.30 (flyttet fra krypten i Hasseris Kirke)<\/p>\n\n\n\n<p><strong>DATO&nbsp;&nbsp;&nbsp;&nbsp;&nbsp;&nbsp;&nbsp;&nbsp;&nbsp;&nbsp;&nbsp;&nbsp;&nbsp;&nbsp;&nbsp;&nbsp;&nbsp;&nbsp;&nbsp;&nbsp;&nbsp;&nbsp;&nbsp;&nbsp;&nbsp;&nbsp; <\/strong>23.3.2022<\/p>\n\n\n\n<p>Formanden J\u00f8rgen Els\u00f8e Jensen b\u00f8d velkommen, og Hans Boisen blev foresl\u00e5et som generalforsamlingens dirigent<\/p>\n\n\n\n<p>Dirigenten indledte med at konstatere, at generalforsamlingen var lovligt indvarsletog beslutningsdygtig<\/p>\n\n\n\n<p><strong>Beretning<\/strong><\/p>\n\n\n\n<p><strong>&#8211;&nbsp;&nbsp;&nbsp;&nbsp; <\/strong>Formanden gennemgik de enkelte punkter i den udsendte beretning<strong>:<\/strong><\/p>\n\n\n\n<ul class=\"wp-block-list\"><li>J\u00f8rgen Els\u00f8e Jensen kunne berette, at foreningen har ligget stille under Covid-19 nedlukningen af samfundet. Ved overgangen til 2020 fik foreningen udgivet et skrift om Almen Kirkegaard.<\/li><\/ul>\n\n\n\n<p>Generalforsamlingen var fastlagt til 17.3.2020, men m\u00e5tte aflyses, ligesom den f\u00f8lgende.<\/p>\n\n\n\n<ul class=\"wp-block-list\"><li>Bestyrelse har ogs\u00e5 v\u00e6ret afsk\u00e5ret fra at afholde m\u00f8der, men har dog m\u00f8dtes en h\u00e5ndfulde gange, og foreningen er blevet vedligeholdt gennem de to \u00e5r, s\u00e5 bestyrelsen er klar til at forts\u00e6tte arbejdet under mere normale forhold.<\/li><\/ul>\n\n\n\n<ul class=\"wp-block-list\"><li>Imidlertid m\u00e5 vi se i \u00f8jnene, at medlemmerne af den siddende bestyrelse er oppe i \u00e5rene, og at det kan v\u00e6re sv\u00e6rt at f\u00f8re foreningen videre i flere \u00e5r. Foruds\u00e6tningen for at foreningen kan forts\u00e6tte er derfor, at bestyrelsen fornyes, og at der l\u00e6gges nye spor ud for dens virke.<\/li><\/ul>\n\n\n\n<ul class=\"wp-block-list\"><li>Foreningen planl\u00e6gger at udgive endnu en publikation, der sammenfatter den viden, der er indsamlet gennem \u00e5rene; men der er endnu ikke fastlagt noget udgivelsestidspunkt.<\/li><\/ul>\n\n\n\n<ul class=\"wp-block-list\"><li>Bestyrelsen er indstillet p\u00e5 at forts\u00e6tte et \u00e5r endnu, og vi m\u00e5 s\u00e5 se, hvordan fremtiden tegner sig for foreningen, n\u00e5r den n\u00e6ste generalforsamling n\u00e6rmer sig.<\/li><\/ul>\n\n\n\n<ul class=\"wp-block-list\"><li>Jeg vil hermed overgive beretningen til generalforsamlingen.<\/li><\/ul>\n\n\n\n<p>&nbsp;&nbsp;&nbsp;&nbsp; &nbsp;&nbsp;&nbsp;&nbsp;Beretningen godkendt<\/p>\n\n\n\n<p><strong>Regnskab<\/strong><\/p>\n\n\n\n<p><strong>&#8211;<\/strong>&nbsp;&nbsp;&nbsp;&nbsp;&nbsp;&nbsp; Det reviderede regnskab blev fremlagt af Curt Sloth og godkendt<\/p>\n\n\n\n<p><strong>&#8211;<\/strong>&nbsp;&nbsp;&nbsp;&nbsp;&nbsp; Regnskabet viser et overskud p\u00e5 kr.9.053,-<\/p>\n\n\n\n<p>&#8211;&nbsp;&nbsp;&nbsp;&nbsp;&nbsp; Kontingent<strong>:<\/strong> Forslag fra kassereren om kontingentfritagelse for 2022&nbsp; &nbsp;&nbsp;&nbsp;&nbsp;&nbsp;<\/p>\n\n\n\n<p>&nbsp;&nbsp;&nbsp;&nbsp;&nbsp;&nbsp; vedtaget&nbsp;&nbsp;&nbsp;&nbsp;&nbsp;&nbsp;&nbsp;&nbsp;&nbsp;&nbsp;&nbsp;&nbsp;&nbsp;&nbsp;&nbsp;&nbsp;&nbsp;&nbsp;&nbsp;&nbsp;&nbsp;&nbsp;&nbsp;&nbsp;&nbsp;&nbsp;&nbsp;&nbsp;&nbsp;&nbsp;&nbsp;&nbsp;&nbsp;&nbsp;&nbsp;&nbsp;&nbsp;&nbsp;&nbsp;&nbsp;&nbsp;&nbsp;&nbsp;&nbsp;&nbsp;&nbsp;&nbsp;&nbsp;&nbsp;&nbsp;&nbsp;&nbsp;&nbsp;&nbsp;&nbsp;&nbsp;&nbsp;&nbsp;&nbsp;&nbsp;&nbsp;&nbsp;&nbsp;&nbsp;&nbsp;&nbsp;&nbsp;&nbsp;&nbsp;&nbsp;&nbsp;&nbsp;&nbsp;&nbsp;&nbsp;&nbsp;&nbsp;&nbsp;&nbsp;&nbsp;&nbsp;&nbsp;&nbsp;&nbsp;&nbsp;&nbsp;&nbsp;&nbsp;&nbsp;&nbsp;&nbsp;<\/p>\n\n\n\n<p><strong>Indkomne forslag<\/strong><\/p>\n\n\n\n<p>&#8211;&nbsp;&nbsp;&nbsp; Der er ikke indkommet forslag<\/p>\n\n\n\n<p><strong>Valg til formand<\/strong><\/p>\n\n\n\n<p>&nbsp;&nbsp;&nbsp;&nbsp;&nbsp;&nbsp;&nbsp;&nbsp;&nbsp;&nbsp;&nbsp;&nbsp;&nbsp;&nbsp;&nbsp;&nbsp;&nbsp;&nbsp;&nbsp;&nbsp;&nbsp; <strong>&nbsp;&nbsp;&nbsp;&nbsp;&nbsp;&nbsp;&nbsp;&nbsp;&nbsp;&nbsp;&nbsp;&nbsp;&nbsp;&nbsp;&nbsp; &#8211;&nbsp;&nbsp;&nbsp; <\/strong>J\u00f8rgen Els\u00f8e Jensen blev genvalgt til formand<\/p>\n\n\n\n<p><strong>Valg til bestyrelse<\/strong><\/p>\n\n\n\n<ul class=\"wp-block-list\"><li>P\u00e5 valg efter nedlukning<strong>:<\/strong> Hans Boisen, Charlotte Gorm Bremmer, Birgitte Pilgaard og Curt Sloth \u2013 alle modtog genvalg<\/li><li>Mie Boe og Kaj Frandsen forts\u00e6tter som suppleanter<\/li><\/ul>\n\n\n\n<p><strong>Valg af revisorer<\/strong><\/p>\n\n\n\n<ul class=\"wp-block-list\"><li>Kurt Hansen og Mogens Kastrup Jensen blev genvalgt som revisorer<\/li><\/ul>\n\n\n\n<p><strong>Eventuelt<\/strong><\/p>\n\n\n\n<p><strong>&#8211;&nbsp;&nbsp;&nbsp; <\/strong>Der var ingen kommentarer&nbsp;&nbsp;&nbsp;&nbsp;&nbsp;&nbsp;&nbsp;&nbsp;&nbsp;&nbsp;&nbsp;&nbsp;&nbsp;&nbsp;&nbsp;&nbsp;&nbsp;&nbsp;&nbsp;&nbsp;&nbsp;&nbsp;&nbsp;&nbsp;&nbsp;&nbsp;&nbsp;&nbsp;&nbsp;&nbsp;&nbsp;&nbsp;&nbsp;&nbsp;&nbsp;&nbsp;&nbsp;&nbsp;&nbsp;&nbsp;&nbsp;&nbsp;<\/p>\n\n\n\n<ul class=\"wp-block-list\"><li>J\u00f8rgen Els\u00f8e Jensen sluttede generalforsamlingen med at takke<\/li><\/ul>\n\n\n\n<p>&nbsp;&nbsp;&nbsp;&nbsp;&nbsp;&nbsp;&nbsp;&nbsp;&nbsp;&nbsp;&nbsp;&nbsp;&nbsp;&nbsp;&nbsp;&nbsp;&nbsp;&nbsp;&nbsp;&nbsp;&nbsp;&nbsp;&nbsp;&nbsp;&nbsp;&nbsp;&nbsp;&nbsp;&nbsp;&nbsp;&nbsp;&nbsp;&nbsp;&nbsp;&nbsp;&nbsp;&nbsp; &nbsp;&nbsp;&nbsp;&nbsp; dirigenten og de fremm\u00f8dte<\/p>\n\n\n\n<p>&nbsp;&nbsp;&nbsp;&nbsp;&nbsp;&nbsp;&nbsp;&nbsp;&nbsp;&nbsp;&nbsp;&nbsp;&nbsp;&nbsp;&nbsp;&nbsp;&nbsp;&nbsp; Referent: Charlotte Gorm Bremmer<\/p>\n","protected":false},"excerpt":{"rendered":"<p>HASSERISSTUERNE REFERAT&nbsp;&nbsp;&nbsp;&nbsp;&nbsp;&nbsp;&nbsp;&nbsp;&nbsp;&nbsp;&nbsp;&nbsp;&nbsp;&nbsp;&nbsp;&nbsp;&nbsp;&nbsp;&nbsp; af 24. ordin\u00e6re generalforsamling hos Birgitte Pilgaard og Curt Sloth&nbsp; &nbsp;&nbsp;&nbsp;&nbsp;&nbsp;&nbsp;&nbsp;&nbsp;&nbsp;&nbsp;&nbsp;&nbsp;&nbsp;&nbsp;&nbsp;&nbsp;&nbsp;&nbsp;&nbsp;&nbsp;&nbsp;&nbsp;&nbsp;&nbsp;&nbsp;&nbsp;&nbsp;&nbsp;&nbsp;&nbsp;&nbsp;&nbsp;&nbsp;&nbsp;&nbsp;&nbsp; kl.19.30 (flyttet fra krypten i Hasseris Kirke) DATO&nbsp;&nbsp;&nbsp;&nbsp;&nbsp;&nbsp;&nbsp;&nbsp;&nbsp;&nbsp;&nbsp;&nbsp;&nbsp;&nbsp;&nbsp;&nbsp;&nbsp;&nbsp;&nbsp;&nbsp;&nbsp;&nbsp;&nbsp;&nbsp;&nbsp;&nbsp; 23.3.2022 Formanden J\u00f8rgen Els\u00f8e Jensen b\u00f8d velkommen, og Hans Boisen blev foresl\u00e5et som generalforsamlingens dirigent Dirigenten indledte med at &hellip; <a href=\"https:\/\/hasserisstuerne.dk\/?p=889\">Continued<\/a><\/p>\n","protected":false},"author":1,"featured_media":0,"comment_status":"closed","ping_status":"open","sticky":false,"template":"","format":"standard","meta":{"kt_blocks_editor_width":"","footnotes":""},"categories":[1],"tags":[],"class_list":["post-889","post","type-post","status-publish","format-standard","hentry","category-uncategorized"],"_links":{"self":[{"href":"https:\/\/hasserisstuerne.dk\/index.php?rest_route=\/wp\/v2\/posts\/889","targetHints":{"allow":["GET"]}}],"collection":[{"href":"https:\/\/hasserisstuerne.dk\/index.php?rest_route=\/wp\/v2\/posts"}],"about":[{"href":"https:\/\/hasserisstuerne.dk\/index.php?rest_route=\/wp\/v2\/types\/post"}],"author":[{"embeddable":true,"href":"https:\/\/hasserisstuerne.dk\/index.php?rest_route=\/wp\/v2\/users\/1"}],"replies":[{"embeddable":true,"href":"https:\/\/hasserisstuerne.dk\/index.php?rest_route=%2Fwp%2Fv2%2Fcomments&post=889"}],"version-history":[{"count":1,"href":"https:\/\/hasserisstuerne.dk\/index.php?rest_route=\/wp\/v2\/posts\/889\/revisions"}],"predecessor-version":[{"id":890,"href":"https:\/\/hasserisstuerne.dk\/index.php?rest_route=\/wp\/v2\/posts\/889\/revisions\/890"}],"wp:attachment":[{"href":"https:\/\/hasserisstuerne.dk\/index.php?rest_route=%2Fwp%2Fv2%2Fmedia&parent=889"}],"wp:term":[{"taxonomy":"category","embeddable":true,"href":"https:\/\/hasserisstuerne.dk\/index.php?rest_route=%2Fwp%2Fv2%2Fcategories&post=889"},{"taxonomy":"post_tag","embeddable":true,"href":"https:\/\/hasserisstuerne.dk\/index.php?rest_route=%2Fwp%2Fv2%2Ftags&post=889"}],"curies":[{"name":"wp","href":"https:\/\/api.w.org\/{rel}","templated":true}]}}